{"id":4666,"date":"2024-01-11T15:43:10","date_gmt":"2024-01-11T18:43:10","guid":{"rendered":"http:\/\/emibra.com.br\/?p=4666"},"modified":"2024-02-09T11:27:50","modified_gmt":"2024-02-09T14:27:50","slug":"a-estrategia-por-tras-das-embalagens-de-papel-design-funcional-e-atrativo-que-cativa","status":"publish","type":"post","link":"https:\/\/emibra.com.br\/en\/a-estrategia-por-tras-das-embalagens-de-papel-design-funcional-e-atrativo-que-cativa\/","title":{"rendered":"A Estrat\u00e9gia Por Tr\u00e1s das Embalagens de Papel: Design Funcional e Atrativo Que Cativa"},"content":{"rendered":"<p>\u00c9 ineg\u00e1vel que as embalagens de produtos competem pela aten\u00e7\u00e3o dos consumidores de diversas formas, e a grande diversidade de op\u00e7\u00f5es torna essa competi\u00e7\u00e3o ainda maior. Nesse sentido, aquelas que possuem design funcional e atrativo desempenham um papel fundamental, pois tornam-se diferenciais que atraem e conquistam os clientes, e esse \u00e9 o prop\u00f3sito das embalagens de papel da Emibra.<\/p>\n\n\n\n<p>Continue lendo para descobrir por que investir nessas embalagens n\u00e3o \u00e9 apenas uma quest\u00e3o de prefer\u00eancia est\u00e9tica, mas tamb\u00e9m uma estrat\u00e9gia para o sucesso do seu produto.<\/p>\n\n\n\n<p><strong>Design Funcional: Al\u00e9m do Est\u00e9tico<\/strong><\/p>\n\n\n\n<p>Nossas embalagens s\u00e3o projetadas n\u00e3o apenas para impressionar visualmente, mas tamb\u00e9m para atender \u00e0s necessidades pr\u00e1ticas do consumidor, atrav\u00e9s da funcionalidade do design. Com aberturas f\u00e1ceis e formatos ergon\u00f4micos, proporcionam uma experi\u00eancia de uso simplificada e mais conveniente, propor maior durabilidade ao produto acondicionado e aumentando a satisfa\u00e7\u00e3o do cliente.<\/p>\n\n\n\n<p><strong>Sustentabilidade em Cada Detalhe<\/strong><\/p>\n\n\n\n<p>Al\u00e9m do apelo est\u00e9tico, as embalagens de papel por si s\u00f3 j\u00e1 representam um compromisso com a sustentabilidade. Por serem feitas a partir de recursos renov\u00e1veis como o papel cart\u00e3o, atendem \u00e0 demanda dos novos consumidores que esperam pr\u00e1ticas sustent\u00e1veis das marcas, al\u00e9m de terem o menor impacto poss\u00edvel na natureza.<\/p>\n\n\n\n<p><strong>Na Emibra Embalagens, o Design e a Funcionalidade Se Unem<\/strong><\/p>\n\n\n\n<p>Ao considerar embalagens de papel com design funcional e atrativo, a Emibra se destaca como a parceira ideal para elevar sua presen\u00e7a no mercado, potencializando sua conex\u00e3o com o p\u00fablico-alvo de vendas e elevando o poder est\u00e9tico das embalagens. Conhe\u00e7a mais sobre nossos produtos, projetos e solu\u00e7\u00f5es explorando o nosso site!<\/p>","protected":false},"excerpt":{"rendered":"<p>\u00c9 ineg\u00e1vel que as embalagens de produtos competem pela aten\u00e7\u00e3o dos consumidores de diversas formas, e a grande diversidade de op\u00e7\u00f5es torna essa competi\u00e7\u00e3o ainda maior. Nesse sentido, aquelas que possuem design funcional e atrativo desempenham um papel fundamental, pois tornam-se diferenciais que atraem e conquistam os clientes, e esse \u00e9 o prop\u00f3sito das embalagens [&hellip;]<\/p>\n","protected":false},"author":3,"featured_media":4748,"comment_status":"open","ping_status":"closed","sticky":false,"template":"","format":"standard","meta":{"_eb_attr":"","footnotes":""},"categories":[16],"tags":[],"class_list":["post-4666","post","type-post","status-publish","format-standard","has-post-thumbnail","hentry","category-blog"],"_links":{"self":[{"href":"https:\/\/emibra.com.br\/en\/wp-json\/wp\/v2\/posts\/4666","targetHints":{"allow":["GET"]}}],"collection":[{"href":"https:\/\/emibra.com.br\/en\/wp-json\/wp\/v2\/posts"}],"about":[{"href":"https:\/\/emibra.com.br\/en\/wp-json\/wp\/v2\/types\/post"}],"author":[{"embeddable":true,"href":"https:\/\/emibra.com.br\/en\/wp-json\/wp\/v2\/users\/3"}],"replies":[{"embeddable":true,"href":"https:\/\/emibra.com.br\/en\/wp-json\/wp\/v2\/comments?post=4666"}],"version-history":[{"count":0,"href":"https:\/\/emibra.com.br\/en\/wp-json\/wp\/v2\/posts\/4666\/revisions"}],"wp:featuredmedia":[{"embeddable":true,"href":"https:\/\/emibra.com.br\/en\/wp-json\/wp\/v2\/media\/4748"}],"wp:attachment":[{"href":"https:\/\/emibra.com.br\/en\/wp-json\/wp\/v2\/media?parent=4666"}],"wp:term":[{"taxonomy":"category","embeddable":true,"href":"https:\/\/emibra.com.br\/en\/wp-json\/wp\/v2\/categories?post=4666"},{"taxonomy":"post_tag","embeddable":true,"href":"https:\/\/emibra.com.br\/en\/wp-json\/wp\/v2\/tags?post=4666"}],"curies":[{"name":"wp","href":"https:\/\/api.w.org\/{rel}","templated":true}]}}