{"id":7459,"date":"2026-08-27T14:17:36","date_gmt":"2026-08-27T17:17:36","guid":{"rendered":"https:\/\/emibra.com.br\/?p=7459"},"modified":"2026-08-27T14:17:39","modified_gmt":"2026-08-27T17:17:39","slug":"protecao-estetica-e-rigor-tecnico-o-papel-da-embalagem-no-mercado-de-skincare-e-dermocosmeticos","status":"publish","type":"post","link":"https:\/\/emibra.com.br\/en\/protecao-estetica-e-rigor-tecnico-o-papel-da-embalagem-no-mercado-de-skincare-e-dermocosmeticos\/","title":{"rendered":"Prote\u00e7\u00e3o, Est\u00e9tica e Rigor T\u00e9cnico: O Papel da Embalagem no Mercado de Skincare e Dermocosm\u00e9ticos"},"content":{"rendered":"<h2 class=\"wp-block-heading\">O Desafio Espec\u00edfico da Ind\u00fastria de Dermocosm\u00e9ticos<\/h2>\n\n\n\n<p class=\"wp-block-paragraph\">O mercado de skincare e dermocosm\u00e9ticos opera sob regras particulares. Diferente do segmento de grande consumo (mass market), o consumidor de produtos de tratamento facial e corporal busca efic\u00e1cia comprovada, sofistica\u00e7\u00e3o e respaldo dermatol\u00f3gico.<\/p>\n\n\n\n<p class=\"wp-block-paragraph\">Nesse ecossistema, a embalagem secund\u00e1ria o cartucho de papel-cart\u00e3o cumpre duas miss\u00f5es fundamentais e simult\u00e2neas: <strong>proteger ativos sens\u00edveis e comunicar autoridade cient\u00edfica no ponto de venda.<\/strong><\/p>\n\n\n\n<h2 class=\"wp-block-heading\"><strong>Requisitos T\u00e9cnicos Indispens\u00e1veis para Cartuchos de Skincare<\/strong><\/h2>\n\n\n\n<p class=\"wp-block-paragraph\">Ao desenvolver cartuchos para s\u00e9runs, \u00e1cidos, cremes anti-idade e protetores solares, a engenharia gr\u00e1fica precisa atender a crit\u00e9rios rigorosos:<\/p>\n\n\n\n<p class=\"wp-block-paragraph\"><strong>1. Prote\u00e7\u00e3o Mec\u00e2nica e Rigidez<\/strong><\/p>\n\n\n\n<p class=\"wp-block-paragraph\"> Frascos de vidro e bisnagas com pump necessitam de prote\u00e7\u00e3o contra impactos durante o transporte e empilhamento. A escolha da gramatura correta do papel cart\u00e3o e a inclus\u00e3o de cal\u00e7os ou ber\u00e7os internos garantem a integridade f\u00edsica do produto prim\u00e1rio.<\/p>\n\n\n\n<p class=\"wp-block-paragraph\"><strong>2. Precis\u00e3o de Impress\u00e3o para Textos Regulat\u00f3rios<\/strong><\/p>\n\n\n\n<p class=\"wp-block-paragraph\">Dermocosm\u00e9ticos cont\u00eam uma quantidade expressiva de informa\u00e7\u00f5es obrigat\u00f3rias na embalagem: modo de uso, composi\u00e7\u00e3o qu\u00edmica, advert\u00eancias, lote e validade. A fidelidade de impress\u00e3o e nitidez tipogr\u00e1fica s\u00e3o cruciais para evitar rejei\u00e7\u00f5es de lote ou incompreens\u00e3o por parte do usu\u00e1rio.<\/p>\n\n\n\n<p class=\"wp-block-paragraph\"><strong>3. Estabilidade de Fechamento e Encaixe<\/strong><\/p>\n\n\n\n<p class=\"wp-block-paragraph\">Trava de fundo e abas superiores precisam ter vincos perfeitos para garantir um fechamento firme na linha autom\u00e1tica de montagem e uma experi\u00eancia de unboxing fluida e agrad\u00e1vel para o consumidor final.<\/p>\n\n\n\n<h2 class=\"wp-block-heading\">Est\u00e9tica Clean e Acabamentos Sensoriais<\/h2>\n\n\n\n<p class=\"wp-block-paragraph\">O visual do mercado de skincare valoriza o minimalismo t\u00e9cnico. Cores s\u00f3brias, tons past\u00e9is e fundos brancos impec\u00e1veis transmitem limpeza e pureza.<\/p>\n\n\n\n<p class=\"wp-block-paragraph\">Para agregar valor sem poluir o design, recursos como <strong>Verniz Soft Touch <\/strong>(que proporciona um toque aveludado \u00e0 caixa), <strong>Hot Stamping delicado e Goofrado\/Relevo<\/strong> s\u00e3o amplamente utilizados para posicionar o produto nas categorias premium e masstige.<\/p>\n\n\n\n<h2 class=\"wp-block-heading\"><strong>Eleve o Padr\u00e3o da Sua Linha de Beleza e Tratamento<\/strong><\/h2>\n\n\n\n<p class=\"wp-block-paragraph\">Com mais de 50 anos de know-how e infraestrutura gr\u00e1fica de ponta, a Emibra desenvolve solu\u00e7\u00f5es cartot\u00e9cnicas sob medida para a ind\u00fastria dermocosm\u00e9tica.<\/p>\n\n\n\n<p class=\"wp-block-paragraph\"><strong>Projeta ou produz linhas de skincare e precisa de um fornecedor de alto padr\u00e3o?<\/strong><\/p>\n\n\n\n<p class=\"wp-block-paragraph\"><a href=\"https:\/\/emibra.com.br\/contato\/\" data-type=\"link\" data-id=\"https:\/\/emibra.com.br\/contato\/\">Fale com nossos consultores e pe\u00e7a uma cota\u00e7\u00e3o t\u00e9cnica para a sua empresa.<\/a><\/p>\n\n\n\n<p class=\"wp-block-paragraph\"><\/p>","protected":false},"excerpt":{"rendered":"<p>O Desafio Espec\u00edfico da Ind\u00fastria de Dermocosm\u00e9ticos O mercado de skincare e dermocosm\u00e9ticos opera sob regras particulares. Diferente do segmento de grande consumo (mass market), o consumidor de produtos de tratamento facial e corporal busca efic\u00e1cia comprovada, sofistica\u00e7\u00e3o e respaldo dermatol\u00f3gico. Nesse ecossistema, a embalagem secund\u00e1ria o cartucho de papel-cart\u00e3o cumpre duas miss\u00f5es fundamentais e [&hellip;]<\/p>\n","protected":false},"author":4,"featured_media":7460,"comment_status":"open","ping_status":"closed","sticky":false,"template":"","format":"standard","meta":{"_eb_attr":"","footnotes":""},"categories":[16],"tags":[55,56],"class_list":["post-7459","post","type-post","status-publish","format-standard","has-post-thumbnail","hentry","category-blog","tag-cartuchos-para-skincare","tag-embalagens-para-dermocosmeticos"],"_links":{"self":[{"href":"https:\/\/emibra.com.br\/en\/wp-json\/wp\/v2\/posts\/7459","targetHints":{"allow":["GET"]}}],"collection":[{"href":"https:\/\/emibra.com.br\/en\/wp-json\/wp\/v2\/posts"}],"about":[{"href":"https:\/\/emibra.com.br\/en\/wp-json\/wp\/v2\/types\/post"}],"author":[{"embeddable":true,"href":"https:\/\/emibra.com.br\/en\/wp-json\/wp\/v2\/users\/4"}],"replies":[{"embeddable":true,"href":"https:\/\/emibra.com.br\/en\/wp-json\/wp\/v2\/comments?post=7459"}],"version-history":[{"count":0,"href":"https:\/\/emibra.com.br\/en\/wp-json\/wp\/v2\/posts\/7459\/revisions"}],"wp:featuredmedia":[{"embeddable":true,"href":"https:\/\/emibra.com.br\/en\/wp-json\/wp\/v2\/media\/7460"}],"wp:attachment":[{"href":"https:\/\/emibra.com.br\/en\/wp-json\/wp\/v2\/media?parent=7459"}],"wp:term":[{"taxonomy":"category","embeddable":true,"href":"https:\/\/emibra.com.br\/en\/wp-json\/wp\/v2\/categories?post=7459"},{"taxonomy":"post_tag","embeddable":true,"href":"https:\/\/emibra.com.br\/en\/wp-json\/wp\/v2\/tags?post=7459"}],"curies":[{"name":"wp","href":"https:\/\/api.w.org\/{rel}","templated":true}]}}